{"id":1005,"date":"2018-09-03T14:36:51","date_gmt":"2018-09-03T12:36:51","guid":{"rendered":"http:\/\/www.diagramme-web.fr\/pontdebeauvoisin\/?p=1005"},"modified":"2018-10-31T17:06:22","modified_gmt":"2018-10-31T16:06:22","slug":"rentree-des-classes","status":"publish","type":"post","link":"http:\/\/www.diagramme-web.fr\/pontdebeauvoisin\/rentree-des-classes\/","title":{"rendered":"Rentr\u00e9e des classes"},"content":{"rendered":"\t\t<div class=\"elementor elementor-1005\">\n\t\t\t<div class=\"elementor-inner\">\n\t\t\t\t<div class=\"elementor-section-wrap\">\n\t\t\t\t\t\t\t<section data-id=\"4cc01121\" class=\"elementor-element elementor-element-4cc01121 elementor-section-boxed elementor-section-height-default elementor-section-height-default elementor-section elementor-inner-section\" data-element_type=\"section\">\n\t\t\t\t\t\t<div class=\"elementor-container elementor-column-gap-default\">\n\t\t\t\t<div class=\"elementor-row\">\n\t\t\t\t<div data-id=\"481f59\" class=\"elementor-element elementor-element-481f59 elementor-column elementor-col-50 elementor-inner-column\" data-element_type=\"column\">\n\t\t\t<div class=\"elementor-column-wrap elementor-element-populated\">\n\t\t\t\t\t<div class=\"elementor-widget-wrap\">\n\t\t\t\t<div data-id=\"2178ccff\" class=\"elementor-element elementor-element-2178ccff elementor-widget elementor-widget-heading\" data-element_type=\"heading.default\">\n\t\t\t\t<div class=\"elementor-widget-container\">\n\t\t\t<h5 class=\"elementor-heading-title elementor-size-default\">Rentr\u00e9e des classes \"en chantant\"<\/h5>\t\t<\/div>\n\t\t\t\t<\/div>\n\t\t\t\t<div data-id=\"5d38201c\" class=\"elementor-element elementor-element-5d38201c elementor-widget elementor-widget-text-editor\" data-element_type=\"text-editor.default\">\n\t\t\t\t<div class=\"elementor-widget-container\">\n\t\t\t\t\t<div class=\"elementor-text-editor elementor-clearfix\"><p>\u00c0 l\u2019\u00e9cole Jeanne d\u2019Arc, la rentr\u00e9e a \u00e9t\u00e9 enchant\u00e9e car d\u00e8s 8h30,\u00a0 parents et enfants ont \u00e9t\u00e9 invit\u00e9s \u00e0 chanter.<\/p><p>Tous rassembl\u00e9s dans la cour, Sophie Gantelmi d\u2019Ille, chef d\u2019\u00e9tablissement de l\u2019\u00e9cole Jeanne d\u2019Arc a pr\u00e9sent\u00e9 l\u2019\u00e9quipe enseignante aux familles pour ensuite entonner un chant du patrimoine fran\u00e7ais connu par tous. Ce temps festif, joyeux \u00a0et musical a permis d\u2019effacer les craintes et inqui\u00e9tudes de certains pour laisser place au sourire et \u00e0 l\u2019apaisement.<\/p><p>Les familles ont jou\u00e9 le jeu et ce temps partag\u00e9 par petits et grands a \u00e9t\u00e9 \u00e9mouvant\u00a0!<\/p><p>Puis les \u00e9l\u00e8ves du CP au CM2 ont rejoins leur enseignante.<\/p><\/div>\n\t\t\t\t<\/div>\n\t\t\t\t<\/div>\n\t\t\t\t<div data-id=\"27e0b7da\" class=\"elementor-element elementor-element-27e0b7da elementor-widget elementor-widget-image\" data-element_type=\"image.default\">\n\t\t\t\t<div class=\"elementor-widget-container\">\n\t\t\t\t\t<div class=\"elementor-image\">\n\t\t\t\t\t\t\t\t\t\t<img width=\"1024\" height=\"576\" src=\"http:\/\/www.diagramme-web.fr\/pontdebeauvoisin\/wp-content\/uploads\/2018\/10\/image003-1024x576.jpg\" class=\"attachment-large size-large\" alt=\"Les classes de maternelle r\u00e9nov\u00e9es Ensemble scolaire Rosaire Jeanne d&#039;Arc\" decoding=\"async\" loading=\"lazy\" srcset=\"http:\/\/www.diagramme-web.fr\/pontdebeauvoisin\/wp-content\/uploads\/2018\/10\/image003-1024x576.jpg 1024w, http:\/\/www.diagramme-web.fr\/pontdebeauvoisin\/wp-content\/uploads\/2018\/10\/image003-300x169.jpg 300w, http:\/\/www.diagramme-web.fr\/pontdebeauvoisin\/wp-content\/uploads\/2018\/10\/image003-768x432.jpg 768w, http:\/\/www.diagramme-web.fr\/pontdebeauvoisin\/wp-content\/uploads\/2018\/10\/image003.jpg 1047w\" sizes=\"(max-width: 1024px) 100vw, 1024px\" \/>\t\t\t\t\t\t\t\t\t\t\t<\/div>\n\t\t\t\t<\/div>\n\t\t\t\t<\/div>\n\t\t\t\t\t\t<\/div>\n\t\t\t<\/div>\n\t\t<\/div>\n\t\t\t\t<div data-id=\"36655ea2\" class=\"elementor-element elementor-element-36655ea2 elementor-column elementor-col-50 elementor-inner-column\" data-element_type=\"column\">\n\t\t\t<div class=\"elementor-column-wrap elementor-element-populated\">\n\t\t\t\t\t<div class=\"elementor-widget-wrap\">\n\t\t\t\t<div data-id=\"41aff937\" class=\"elementor-element elementor-element-41aff937 elementor-widget elementor-widget-image-carousel\" data-settings=\"{&quot;slides_to_show&quot;:&quot;1&quot;,&quot;navigation&quot;:&quot;both&quot;,&quot;pause_on_hover&quot;:&quot;yes&quot;,&quot;autoplay&quot;:&quot;yes&quot;,&quot;autoplay_speed&quot;:5000,&quot;infinite&quot;:&quot;yes&quot;,&quot;effect&quot;:&quot;slide&quot;,&quot;speed&quot;:500,&quot;direction&quot;:&quot;ltr&quot;}\" data-element_type=\"image-carousel.default\">\n\t\t\t\t<div class=\"elementor-widget-container\">\n\t\t\t\t\t<div class=\"elementor-image-carousel-wrapper elementor-slick-slider\" dir=\"ltr\">\n\t\t\t<div class=\"elementor-image-carousel slick-arrows-inside slick-dots-outside\">\n\t\t\t\t<div class=\"slick-slide\"><figure class=\"slick-slide-inner\"><img decoding=\"async\" class=\"slick-slide-image\" src=\"http:\/\/www.diagramme-web.fr\/pontdebeauvoisin\/wp-content\/uploads\/2018\/10\/image002.jpg\" alt=\"Les \u00e9l\u00e8ves de Jeanne d&#039;Arc font leur rentr\u00e9e Ensemble scolaire Rosaire Jeanne d&#039;Arc\" \/><\/figure><\/div><div class=\"slick-slide\"><figure class=\"slick-slide-inner\"><img decoding=\"async\" class=\"slick-slide-image\" src=\"http:\/\/www.diagramme-web.fr\/pontdebeauvoisin\/wp-content\/uploads\/2018\/10\/image001.jpg\" alt=\"Les \u00e9l\u00e8ves de Jeanne d&#039;Arc font leur rentr\u00e9e Ensemble scolaire Rosaire Jeanne d&#039;Arc\" \/><\/figure><\/div>\t\t\t<\/div>\n\t\t<\/div>\n\t\t\t\t<\/div>\n\t\t\t\t<\/div>\n\t\t\t\t<div data-id=\"34d45787\" class=\"elementor-element elementor-element-34d45787 elementor-widget elementor-widget-heading\" data-element_type=\"heading.default\">\n\t\t\t\t<div class=\"elementor-widget-container\">\n\t\t\t<h5 class=\"elementor-heading-title elementor-size-default\">Des classes maternelles r\u00e9nov\u00e9es<\/h5>\t\t<\/div>\n\t\t\t\t<\/div>\n\t\t\t\t<div data-id=\"192d4eec\" class=\"elementor-element elementor-element-192d4eec elementor-widget elementor-widget-text-editor\" data-element_type=\"text-editor.default\">\n\t\t\t\t<div class=\"elementor-widget-container\">\n\t\t\t\t\t<div class=\"elementor-text-editor elementor-clearfix\"><p>L\u2019accueil des familles des PS et MS maternelles s\u2019est d\u00e9roul\u00e9 dans des locaux refaits \u00e0 neuf\u00a0: peinture, \u00e9lectricit\u00e9, sol, isolation, menuiseries\u2026<\/p><p>\u00a0L\u2019\u00e9t\u00e9 prochain, les travaux se poursuivront sur deux autres classes de maternelle\u2026 le b\u00e2timent \u00ab\u00a0maternelle\u00a0\u00bb sera ainsi mis aux normes.<\/p><p>Nous invitons les familles \u00e0 venir d\u00e9couvrir les nouvelles classes le mardi 25 septembre \u00e0 19h30.<\/p><p><strong>Suivra l\u2019Assembl\u00e9e G\u00e9n\u00e9rale de l\u2019Association des Parents d\u2019El\u00e8ves (APEL).<\/strong><\/p><\/div>\n\t\t\t\t<\/div>\n\t\t\t\t<\/div>\n\t\t\t\t\t\t<\/div>\n\t\t\t<\/div>\n\t\t<\/div>\n\t\t\t\t\t\t<\/div>\n\t\t\t<\/div>\n\t\t<\/section>\n\t\t\t\t\t\t<\/div>\n\t\t\t<\/div>\n\t\t<\/div>\n\t\t","protected":false},"excerpt":{"rendered":"<p>Rentr\u00e9e des classes \u00ab\u00a0en chantant\u00a0\u00bb \u00c0 l\u2019\u00e9cole Jeanne d\u2019Arc, la rentr\u00e9e a \u00e9t\u00e9 enchant\u00e9e car d\u00e8s 8h30,\u00a0 parents et enfants ont \u00e9t\u00e9 invit\u00e9s \u00e0 chanter. Tous rassembl\u00e9s dans la cour, Sophie Gantelmi d\u2019Ille, chef d\u2019\u00e9tablissement de l\u2019\u00e9cole Jeanne d\u2019Arc a pr\u00e9sent\u00e9 l\u2019\u00e9quipe enseignante aux familles pour ensuite entonner un chant du patrimoine fran\u00e7ais connu par [&hellip;]<\/p>\n","protected":false},"author":1,"featured_media":936,"comment_status":"closed","ping_status":"open","sticky":false,"template":"","format":"standard","meta":[],"categories":[7],"tags":[],"_links":{"self":[{"href":"http:\/\/www.diagramme-web.fr\/pontdebeauvoisin\/wp-json\/wp\/v2\/posts\/1005"}],"collection":[{"href":"http:\/\/www.diagramme-web.fr\/pontdebeauvoisin\/wp-json\/wp\/v2\/posts"}],"about":[{"href":"http:\/\/www.diagramme-web.fr\/pontdebeauvoisin\/wp-json\/wp\/v2\/types\/post"}],"author":[{"embeddable":true,"href":"http:\/\/www.diagramme-web.fr\/pontdebeauvoisin\/wp-json\/wp\/v2\/users\/1"}],"replies":[{"embeddable":true,"href":"http:\/\/www.diagramme-web.fr\/pontdebeauvoisin\/wp-json\/wp\/v2\/comments?post=1005"}],"version-history":[{"count":3,"href":"http:\/\/www.diagramme-web.fr\/pontdebeauvoisin\/wp-json\/wp\/v2\/posts\/1005\/revisions"}],"predecessor-version":[{"id":1014,"href":"http:\/\/www.diagramme-web.fr\/pontdebeauvoisin\/wp-json\/wp\/v2\/posts\/1005\/revisions\/1014"}],"wp:featuredmedia":[{"embeddable":true,"href":"http:\/\/www.diagramme-web.fr\/pontdebeauvoisin\/wp-json\/wp\/v2\/media\/936"}],"wp:attachment":[{"href":"http:\/\/www.diagramme-web.fr\/pontdebeauvoisin\/wp-json\/wp\/v2\/media?parent=1005"}],"wp:term":[{"taxonomy":"category","embeddable":true,"href":"http:\/\/www.diagramme-web.fr\/pontdebeauvoisin\/wp-json\/wp\/v2\/categories?post=1005"},{"taxonomy":"post_tag","embeddable":true,"href":"http:\/\/www.diagramme-web.fr\/pontdebeauvoisin\/wp-json\/wp\/v2\/tags?post=1005"}],"curies":[{"name":"wp","href":"https:\/\/api.w.org\/{rel}","templated":true}]}}